{"id":3062,"date":"2021-01-27T12:30:30","date_gmt":"2021-01-27T11:30:30","guid":{"rendered":"http:\/\/piscina.esportsmunicipalsalzira.com\/?p=3062"},"modified":"2021-01-27T12:30:30","modified_gmt":"2021-01-27T11:30:30","slug":"meritoria-victoria-de-un-inter-b-rejuvenecido-ante-el-paterna-ciencias-valencia-29-12","status":"publish","type":"post","link":"https:\/\/piscina.esportsmunicipalsalzira.com\/va\/meritoria-victoria-de-un-inter-b-rejuvenecido-ante-el-paterna-ciencias-valencia-29-12\/","title":{"rendered":"Merit\u00f2ria vict\u00f2ria d&#39;un Inter &#39;B&#39;, rejovenit davant el Paterna Ci\u00e8ncies \/ Val\u00e8ncia (29-12)"},"content":{"rendered":"<p>[vc_row][vc_column][vc_column_text]Tercera y meritoria victoria de los chicos de\u00a0<b>Calabrar<\/b>\u00a0que aquest dissabte van ratllar a gran altura davant un rival, el Paterna Ci\u00e8ncies\/Val\u00e8ncia amb m\u00e9s ofici. Sobre la gespa del Vergeret de Tavernes, l&#39;Inter B va fer un gran partit davant un rival que amb la seva veterania va posar les coses dif\u00edcils als interistes en el seu joc de davantera fins que el m\u00edster va ordenar obrir el joc a les bandes, desarborant aix\u00ed amb la seva rapidesa el rival.<\/p>\n<p>S&#39;arribaria al descans amb 17 a 0 a favor, amb assajos d&#39;Adri\u00e0 Alonso (5-0), Jos\u00e9 Ll\u00f3pis transformat per Palop (12-0) i \u00c1lex Gallardo (17-0), resultat que podria semblar f\u00e0cil quan, en realitat , la trobada estava sent m\u00e9s equilibrada.<\/p>\n<p>El segon temps va arrencar amb un nou assaig interista, aquesta vegada de Gorka Curiel (22-0) per\u00f2, des d&#39;aqu\u00ed els valencians van semblar despertar i anotarien dues vegades, al minut cinquanta-set Guillermo Guillot, transformat per Jos\u00e9 Monteagudo (22- 7) i minut seixanta-vuit Santiago Ord\u00f3\u00f1ez (22-12).<\/p>\n<p>Els visitants van poder gaudir de m\u00e9s canvis per refrescar l&#39;equip i aix\u00f2 es va deixar notar entre les nostres files tot i que encara aconseguir\u00edem un \u00faltim assaig sobre la botzina per mitj\u00e0 d&#39;\u00c1lex Palop que ell mateix va transformar per al 29 a 12 final.<\/p>\n<p>Juan Ignacio Calabr\u00f3 es mostrava satisfet al final del partit amb l&#39;equip en general i, en particular amb els joves veterans que definitivament han pres el comandament de l&#39;equip i, amb els xavals acabats d&#39;incorporar aquesta temporada que de la m\u00e0 dels seus companys creixen a cada partit.<\/p>\n<p><b>CR Inter B 29:<\/b>\u00a0Sisco Mart\u00ednez (44\u2032 Sergi G\u00f3mis), Herme Curiel, Josep Llopis, Catal\u00ed Ionut, Carles Mont\u00f3n, Marc Ferrando, Abel Benavent (44\u2032 Luis Dolz), Adri\u00e0 Alonso, Titus Mart\u00ednez, Carlos Selma (Capit\u00e0) (69\u2032 Alejandro Soler) , Joseph Hughes, Gorka Curiel, Bruno Lyard, \u00c0lex Gallardo (48\u2032 Jacobo Naturil), i \u00c1lex Palop.<\/p>\n<p><b>Paterna Ci\u00e8ncies\/Val\u00e8ncia C 12:<\/b>\u00a0Joan P\u00e9rez (24\u2032 David Moro), Daniel S\u00e1nchez (66\u2032 Joan P\u00e9rez), R\u00f2mul Iniesta (48\u2032 Vicente Bensusan), Carmel Llorente, Fernando Nebot (41\u2032 Jos\u00e9 M\u00aa P\u00e9rez), Santiago Ord\u00f3\u00f1ez, Joan Gomar (71\u2032 Diego Vilar ), Vicente Bensusan (34\u2032 Guillem Guillot), Ra\u00fal Cangiano, Thomas Fondevilla (24\u2032 Ricardo Escorihuela), Antonio Miranda, Petro Klykotskyy, Ignacio Benedito (41\u2032 Arturo L\u00f3pez), Ricardo Escorihuela (Capit\u00e0) (19\u2032 Jos\u00e9 Monteagudo) Salvador Fasjardo.[\/vc_column_text][\/vc_column][\/vc_row]<\/p>","protected":false},"excerpt":{"rendered":"<p>[vc_row][vc_column][vc_column_text]Tercera y meritoria victoria de los chicos de\u00a0Calabr\u00f3\u00a0que este s\u00e1bado rayaron a gran altura ante un rival, el Paterna Ciencias\/Valencia\u00a0con m\u00e1s oficio.\u00a0Sobre el c\u00e9sped de \u00abEl Vergeret\u00bb de Tavernes, el Inter \u00abB\u00bb hizo un gran partido ante un rival que con su veteran\u00eda puso las cosas dif\u00edciles a los interistas en su juego de delantera [&hellip;]<\/p>","protected":false},"author":1,"featured_media":3059,"comment_status":"open","ping_status":"open","sticky":false,"template":"","format":"standard","meta":[],"categories":[11],"tags":[],"featured_image_src":{"landsacpe":["https:\/\/piscina.esportsmunicipalsalzira.com\/wp-content\/uploads\/2021\/01\/51024-103845-21831924-800x445.jpg",800,445,true],"list":["https:\/\/piscina.esportsmunicipalsalzira.com\/wp-content\/uploads\/2021\/01\/51024-103845-21831924-463x348.jpg",463,348,true],"medium":["https:\/\/piscina.esportsmunicipalsalzira.com\/wp-content\/uploads\/2021\/01\/51024-103845-21831924-300x196.jpg",300,196,true],"full":["https:\/\/piscina.esportsmunicipalsalzira.com\/wp-content\/uploads\/2021\/01\/51024-103845-21831924.jpg",800,522,false]},"_links":{"self":[{"href":"https:\/\/piscina.esportsmunicipalsalzira.com\/va\/wp-json\/wp\/v2\/posts\/3062"}],"collection":[{"href":"https:\/\/piscina.esportsmunicipalsalzira.com\/va\/wp-json\/wp\/v2\/posts"}],"about":[{"href":"https:\/\/piscina.esportsmunicipalsalzira.com\/va\/wp-json\/wp\/v2\/types\/post"}],"author":[{"embeddable":true,"href":"https:\/\/piscina.esportsmunicipalsalzira.com\/va\/wp-json\/wp\/v2\/users\/1"}],"replies":[{"embeddable":true,"href":"https:\/\/piscina.esportsmunicipalsalzira.com\/va\/wp-json\/wp\/v2\/comments?post=3062"}],"version-history":[{"count":1,"href":"https:\/\/piscina.esportsmunicipalsalzira.com\/va\/wp-json\/wp\/v2\/posts\/3062\/revisions"}],"predecessor-version":[{"id":3063,"href":"https:\/\/piscina.esportsmunicipalsalzira.com\/va\/wp-json\/wp\/v2\/posts\/3062\/revisions\/3063"}],"wp:featuredmedia":[{"embeddable":true,"href":"https:\/\/piscina.esportsmunicipalsalzira.com\/va\/wp-json\/wp\/v2\/media\/3059"}],"wp:attachment":[{"href":"https:\/\/piscina.esportsmunicipalsalzira.com\/va\/wp-json\/wp\/v2\/media?parent=3062"}],"wp:term":[{"taxonomy":"category","embeddable":true,"href":"https:\/\/piscina.esportsmunicipalsalzira.com\/va\/wp-json\/wp\/v2\/categories?post=3062"},{"taxonomy":"post_tag","embeddable":true,"href":"https:\/\/piscina.esportsmunicipalsalzira.com\/va\/wp-json\/wp\/v2\/tags?post=3062"}],"curies":[{"name":"wp","href":"https:\/\/api.w.org\/{rel}","templated":true}]}}